{"id":2527,"date":"2026-09-02T21:58:34","date_gmt":"2026-09-02T19:58:34","guid":{"rendered":"https:\/\/belgrade.wordcamp.org\/2026\/?p=2527"},"modified":"2026-09-02T22:11:12","modified_gmt":"2026-09-02T20:11:12","slug":"iz-redakcije-sesta-grupa-predavaca-na-wordcamp-beograd-dogadaju","status":"publish","type":"post","link":"https:\/\/belgrade.wordcamp.org\/2026\/iz-redakcije-sesta-grupa-predavaca-na-wordcamp-beograd-dogadaju\/","title":{"rendered":"Iz redakcije: \u0161esta grupa predava\u010da na WordCamp Beograd doga\u0111aju"},"content":{"rendered":"\n<p class=\"wp-block-paragraph\">Iz #WCBGD redakcije sti\u017ee nova najava predava\u010da za WordCamp Beograd 2026.<\/p>\n\n\n\n<p class=\"wp-block-paragraph\">Ovog puta predstavljamo Atanasa Yonkova, Remkusa de Vriesa i Mladena \u0110uri\u0107a &#8211; tri imena koja u program donose iskustvo iz razvoja WordPress tema i pluginova, tehni\u010dke strategije, edukacije, performansi, odr\u017eavanja sajtova i dugogodi\u0161njeg rada u zajednici.<\/p>\n\n\n\n<p class=\"wp-block-paragraph\">Kompletan raspored sti\u017ee uskoro, a do tada evo vi\u0161e detalja o novoj grupi predava\u010da.<\/p>\n\n\n\n<h2 class=\"wp-block-heading\"><strong>Atanas Yonkov<\/strong><\/h2>\n\n\n\n<figure class=\"wp-block-image size-full is-resized\"><img loading=\"lazy\" decoding=\"async\" width=\"716\" height=\"924\" src=\"https:\/\/belgrade.wordcamp.org\/2026\/files\/2026\/09\/atanas.jpg\" alt=\"\" class=\"wp-image-2528\" style=\"aspect-ratio:0.7748989092204983;width:423px;height:auto\" srcset=\"https:\/\/belgrade.wordcamp.org\/2026\/files\/2026\/09\/atanas.jpg 716w, https:\/\/belgrade.wordcamp.org\/2026\/files\/2026\/09\/atanas-232x300.jpg 232w\" sizes=\"auto, (max-width: 716px) 100vw, 716px\" \/><\/figure>\n\n\n\n<p class=\"wp-block-paragraph\">Atanas Yonkov je senior software engineer i web konsultant. U\u010destvovao je u razvoju i odr\u017eavanju popularnih me\u0111unarodnih sajtova sa milionskom mese\u010dnom posetom, me\u0111u kojima su New Statesman i Investment Monitor.<\/p>\n\n\n\n<p class=\"wp-block-paragraph\">Osniva\u010d je i CEO agencije Nasio Themes, specijalizovane za razvoj WordPress tema i pluginova. Kao volonter, organizator i predava\u010d u\u010destvovao je na WordCamp konferencijama u Bugarskoj i inostranstvu.<\/p>\n\n\n\n<h2 class=\"wp-block-heading\"><strong>Remkus de Vries<\/strong><\/h2>\n\n\n\n<figure class=\"wp-block-image size-large is-resized\"><img loading=\"lazy\" decoding=\"async\" width=\"768\" height=\"1024\" src=\"https:\/\/belgrade.wordcamp.org\/2026\/files\/2026\/09\/remkus-768x1024.webp\" alt=\"\" class=\"wp-image-2529\" style=\"aspect-ratio:0.7500000229340524;width:425px;height:auto\" srcset=\"https:\/\/belgrade.wordcamp.org\/2026\/files\/2026\/09\/remkus-768x1024.webp 768w, https:\/\/belgrade.wordcamp.org\/2026\/files\/2026\/09\/remkus-225x300.webp 225w, https:\/\/belgrade.wordcamp.org\/2026\/files\/2026\/09\/remkus-1152x1536.webp 1152w, https:\/\/belgrade.wordcamp.org\/2026\/files\/2026\/09\/remkus-1536x2048.webp 1536w, https:\/\/belgrade.wordcamp.org\/2026\/files\/2026\/09\/remkus-scaled.webp 1920w\" sizes=\"auto, (max-width: 768px) 100vw, 768px\" \/><\/figure>\n\n\n\n<p class=\"wp-block-paragraph\">Remkus de Vries poma\u017ee WordPress profesionalcima da budu bolji u svom poslu. Osniva\u010d je platforme Within WordPress, u okviru koje The Guild okuplja developere, buildere, freelancere i agencije koji \u017eele da nastave da u\u010de i nakon \u0161to su odavno savladali osnove. Tu misiju podr\u017eava kroz prakti\u010dne kurseve, nedeljni newsletter, podcast i edukativne video sadr\u017eaje.<\/p>\n\n\n\n<p class=\"wp-block-paragraph\">Pored Within WordPress-a, Remkus je suosniva\u010d platforme Scanfully, koja vlasnicima sajtova poma\u017ee da prate zdravlje i performanse svojih WordPress sajtova. Tako\u0111e savetuje kompanije iz WordPress ekosistema o performansama, bezbednosti, skalabilnosti i tehni\u010dkoj strategiji.<\/p>\n\n\n\n<h2 class=\"wp-block-heading\"><strong>Mladen \u0110uri\u0107<\/strong><\/h2>\n\n\n\n<figure class=\"wp-block-image size-full is-resized\"><img loading=\"lazy\" decoding=\"async\" width=\"512\" height=\"512\" src=\"https:\/\/belgrade.wordcamp.org\/2026\/files\/2026\/09\/mladen-djuric.jpg\" alt=\"\" class=\"wp-image-2530\" style=\"width:429px;height:auto\" srcset=\"https:\/\/belgrade.wordcamp.org\/2026\/files\/2026\/09\/mladen-djuric.jpg 512w, https:\/\/belgrade.wordcamp.org\/2026\/files\/2026\/09\/mladen-djuric-300x300.jpg 300w, https:\/\/belgrade.wordcamp.org\/2026\/files\/2026\/09\/mladen-djuric-150x150.jpg 150w\" sizes=\"auto, (max-width: 512px) 100vw, 512px\" \/><\/figure>\n\n\n\n<p class=\"wp-block-paragraph\">Mladen \u0110uri\u0107, poznat i kao MacMladen, senior je developer i arhitekta sa vi\u0161e od dve decenije iskustva u izradi web re\u0161enja. Njegova ra\u010dunarska pri\u010da po\u010dinje asemblerom na osmobitnim ma\u0161inama, a danas iz Novog Sada gradi re\u0161enja za klijente koriste\u0107i WordPress i Drupal, uz moderne tehnologije kao \u0161to su Astro, Next.js i React Native.<\/p>\n\n\n\n<p class=\"wp-block-paragraph\">Mladen je pragmati\u010dar \u0161kole \u201cpravi alat za pravi posao\u201d, posve\u0107en performansama, odr\u017eivosti i UNIX principu da se elimini\u0161e sve \u0161to nije neophodno. Organizuje meetup doga\u0111aje, radionice i konferencije, i aktivan je u IT zajednici kroz WordPress, Drupal, JavaScript, AI i druge oblasti.<\/p>\n\n\n\n<h3 class=\"wp-block-heading\"><strong>Jo\u0161 jedan pogled na ovogodi\u0161nji program<\/strong><\/h3>\n\n\n\n<p class=\"wp-block-paragraph\">Ova grupa predava\u010da dodatno \u0161iri sliku WordCamp Beograda 2026. U fokusu su WordPress proizvodi, performanse, odr\u017eavanje, tehni\u010dka strategija, edukacija, alati, zajednica i iskustvo ljudi koji web grade godinama, kroz razli\u010dite tehnologije i razli\u010dite vrste projekata.<\/p>\n\n\n\n<p class=\"wp-block-paragraph\">WordCamp Beograd 2026 odr\u017eava se 18. i 19. septembra u Domu omladine i karte za ovaj doga\u0111aj dostupne su <a href=\"https:\/\/belgrade.wordcamp.org\/2026\/sr\/ulaznice\/\" data-type=\"link\" data-id=\"https:\/\/belgrade.wordcamp.org\/2026\/sr\/ulaznice\/\">putem ovog linka<\/a>. Samo, po\u017eurite, nije ih ostalo jo\u0161 mnogo!<\/p>\n\n\n\n<p class=\"wp-block-paragraph\"><\/p>\n","protected":false},"excerpt":{"rendered":"<p>Iz #WCBGD redakcije sti\u017ee nova najava predava\u010da za WordCamp Beograd 2026<\/p>\n","protected":false},"author":14967852,"featured_media":2541,"comment_status":"open","ping_status":"open","sticky":false,"template":"","format":"standard","meta":{"_jetpack_newsletter_access":"","_jetpack_dont_email_post_to_subs":false,"_jetpack_newsletter_tier_id":0,"_jetpack_memberships_contains_paywalled_content":false,"_jetpack_feature_clip_id":0,"_jetpack_memberships_contains_paid_content":false,"footnotes":"","jetpack_post_was_ever_published":false},"categories":[35,34],"tags":[46,33],"class_list":["post-2527","post","type-post","status-publish","format-standard","has-post-thumbnail","hentry","category-novosti","category-srpski","tag-predavaci","tag-wordcamp"],"jetpack_sharing_enabled":true,"jetpack_shortlink":"https:\/\/wp.me\/pgXYN8-EL","jetpack_featured_media_url":"https:\/\/belgrade.wordcamp.org\/2026\/files\/2026\/09\/sesta-grupa-predavaca-wordcamp-beograd-2026.png","_links":{"self":[{"href":"https:\/\/belgrade.wordcamp.org\/2026\/wp-json\/wp\/v2\/posts\/2527","targetHints":{"allow":["GET"]}}],"collection":[{"href":"https:\/\/belgrade.wordcamp.org\/2026\/wp-json\/wp\/v2\/posts"}],"about":[{"href":"https:\/\/belgrade.wordcamp.org\/2026\/wp-json\/wp\/v2\/types\/post"}],"author":[{"embeddable":true,"href":"https:\/\/belgrade.wordcamp.org\/2026\/wp-json\/wp\/v2\/users\/14967852"}],"replies":[{"embeddable":true,"href":"https:\/\/belgrade.wordcamp.org\/2026\/wp-json\/wp\/v2\/comments?post=2527"}],"version-history":[{"count":3,"href":"https:\/\/belgrade.wordcamp.org\/2026\/wp-json\/wp\/v2\/posts\/2527\/revisions"}],"predecessor-version":[{"id":2542,"href":"https:\/\/belgrade.wordcamp.org\/2026\/wp-json\/wp\/v2\/posts\/2527\/revisions\/2542"}],"wp:featuredmedia":[{"embeddable":true,"href":"https:\/\/belgrade.wordcamp.org\/2026\/wp-json\/wp\/v2\/media\/2541"}],"wp:attachment":[{"href":"https:\/\/belgrade.wordcamp.org\/2026\/wp-json\/wp\/v2\/media?parent=2527"}],"wp:term":[{"taxonomy":"category","embeddable":true,"href":"https:\/\/belgrade.wordcamp.org\/2026\/wp-json\/wp\/v2\/categories?post=2527"},{"taxonomy":"post_tag","embeddable":true,"href":"https:\/\/belgrade.wordcamp.org\/2026\/wp-json\/wp\/v2\/tags?post=2527"}],"curies":[{"name":"wp","href":"https:\/\/api.w.org\/{rel}","templated":true}]}}