{"id":2543,"date":"2026-09-02T22:47:42","date_gmt":"2026-09-02T20:47:42","guid":{"rendered":"https:\/\/belgrade.wordcamp.org\/2026\/?p=2543"},"modified":"2026-09-02T22:47:42","modified_gmt":"2026-09-02T20:47:42","slug":"zasto-treba-doci-na-wordcamp-beograd-2026","status":"publish","type":"post","link":"https:\/\/belgrade.wordcamp.org\/2026\/zasto-treba-doci-na-wordcamp-beograd-2026\/","title":{"rendered":"Za\u0161to treba do\u0107i na WordCamp Beograd 2026: O povratku konferencije razgovarali smo u emisiji Polarotor"},"content":{"rendered":"\n<p class=\"wp-block-paragraph\">Kako izgleda WordCamp, kome je namenjen i za\u0161to je va\u017eno \u0161to se posle nekoliko godina vra\u0107a u Beograd? O tome smo razgovarali u emisiji Polarotor, medijskom prijatelju WordCamp Beograd 2026, ali nas je razgovor odveo i do WordPressa danas, ve\u0161ta\u010dke inteligencije, promena u na\u010dinu na koji pravimo sajtove i mogu\u0107nosti koje internet pru\u017ea ljudima i malim biznisima.<\/p>\n\n\n\n<h2 class=\"wp-block-heading\"><strong>Lak\u0161e je napraviti sajt. Nije nu\u017eno lak\u0161e napraviti dobar sajt.<\/strong><\/h2>\n\n\n\n<p class=\"wp-block-paragraph\">Danas mo\u017eete napraviti sajt bez znanja programiranja jer &#8211; AI vam mo\u017ee pomo\u0107i da napi\u0161ete tekst, napravite sliku, prevedete sadr\u017eaj ili deo koda. Mala firma iz Srbije mo\u017ee da prona\u0111e klijenta na drugom kraju sveta bez infrastrukture koja je nekada bila dostupna samo velikima. Tehnologija je, ukratko, postala lak\u0161i deo.<\/p>\n\n\n\n<p class=\"wp-block-paragraph\">Ono gde nam tehnologija, pa ni AI ne mogu pomo\u0107i jeste saznanje, razlog za\u0161to ne\u0161to pravimo i \u0161ta ta\u010dno, za koga i za\u0161to bi nekome bilo va\u017eno, pa i kako da budemo dobri u tome. I dalje neko mora da razume kome je taj sajt namenjen. \u0160ta \u010dovek koji do\u0111e na njega tra\u017ei. Kako \u0107e ga prona\u0107i. Da li mo\u017ee lako da ga koristi. \u0160ta treba da pro\u010dita, vidi ili uradi. I, ako je u pitanju poslovni sajt, kako sve to na kraju poma\u017ee poslu.<\/p>\n\n\n\n<p class=\"wp-block-paragraph\">Ovo su teme o kojima smo razgovarali u emisiji Polarotor, jednom od medijskih prijatelja WordCamp Beograd 2026. Povod je, naravno, povratak WordCampa u Beograd, ali nas je razgovor brzo odveo i do toga koliko se web promenio dok nas nije bilo.<\/p>\n\n\n\n<h2 class=\"wp-block-heading\"><strong>WordCamp se vra\u0107a u Beograd<\/strong><\/h2>\n\n\n\n<p class=\"wp-block-paragraph\">Poslednji WordCamp Beograd odr\u017ean je pre nekoliko godina. Od tada se promenio WordPress, promenili su se alati koje koristimo, na\u010din na koji pravimo sajtove i radimo na internetu, a u me\u0111uvremenu je i AI u\u0161ao gotovo svuda. Ono \u0161to nije nestalo jeste zajednica.<\/p>\n\n\n\n<p class=\"wp-block-paragraph\"><strong>WordCamp Beograd 2026 odr\u017eava se 18. i 19. septembra u Domu omladine Beograda<\/strong> i ponovo okuplja ljude koji WordPress koriste, razvijaju, dizajniraju, o njemu pi\u0161u, uz njega grade poslove \u2013 ili tek poku\u0161avaju da vide \u0161ta bi sve sa njim mogli. Jer WordCamp nikada nije bio konferencija samo za programere; na istom mestu sre\u0161\u0107ete developere i dizajnere, marketare, SEO stru\u010dnjake, kreatore sadr\u017eaja, vlasnike biznisa, freelancere, studente i ljude koji tek ulaze u svet WordPressa.<\/p>\n\n\n\n<p class=\"wp-block-paragraph\">To i jeste jedan od razloga zbog kojih nam je bilo va\u017eno da se WordCamp vrati u Beograd.<\/p>\n\n\n\n<h2 class=\"wp-block-heading\"><strong>Dobro, a \u0161ta od svega toga ima neko ko nije \u201eiz IT-ja\u201c?<\/strong><\/h2>\n\n\n\n<p class=\"wp-block-paragraph\">Prili\u010dno mnogo. Mala radionica, preduzetnik, konsultant ili prodavnica vi\u0161e nisu ograni\u010deni na nekoliko ulica oko sebe. Neko iz Srbije danas mo\u017ee da prodaje proizvod kupcu u drugoj zemlji, radi sa klijentom hiljadama kilometara daleko ili svoje znanje ponudi ljudima koje nikada ne bi mogao da dosegne bez interneta.<\/p>\n\n\n\n<p class=\"wp-block-paragraph\">Alati za to nikada nisu bili dostupniji, ali ni konkurencija nikada nije bila ve\u0107a. Zato vi\u0161e nije dovoljno samo \u201eimati sajt\u201c ili \u201ebiti na internetu\u201c. Treba napraviti ne\u0161to \u0161to ljudi mogu da prona\u0111u, razumeju i koriste &#8211; i dati im razlog da izaberu ba\u0161 vas.<\/p>\n\n\n\n<p class=\"wp-block-paragraph\">I tu se vra\u0107amo na ono zbog \u010dega postoje doga\u0111aji kao \u0161to je WordCamp Beograd: <strong>ne morate da budete programer da biste do\u0161li na ovu konferenciju.<\/strong><\/p>\n\n\n\n<p class=\"wp-block-paragraph\">Ako vas zanima WordPress, pravljenje sajtova, dizajn, marketing, sadr\u017eaj, SEO, pristupa\u010dnost, AI, razvoj proizvoda ili poslovanje na webu, <strong>18. i 19. septembra vidimo se u Domu omladine<\/strong>.<\/p>\n\n\n\n<p class=\"wp-block-paragraph\">Ako ste ve\u0107 godinama u ovoj industriji, ima\u0107ete sa kim da razmenite iskustvo. Ako tek po\u010dinjete, jo\u0161 bolje. Jedan od najboljih na\u010dina da otkrijete \u0161ta vas zanima jeste da do\u0111ete me\u0111u ljude koji se time ve\u0107 bave.<\/p>\n\n\n\n<p class=\"wp-block-paragraph\">Ne morate ni\u0161ta unapred da znate.<\/p>\n\n\n\n<p class=\"wp-block-paragraph\">Hvala ekipi emisije Polarotor, medijskom prijatelju WordCamp Beograd 2026, \u0161to nam je dala prostor da pri\u010damo o WordPressu, AI-ju, internetu i svemu onome \u0161to se promenilo od poslednjeg WordCampa u Beogradu.<\/p>\n\n\n\n<p class=\"wp-block-paragraph\"><strong>Ceo razgovor pogledajte u nastavku.<\/strong><\/p>\n\n\n\n<figure class=\"wp-block-embed is-type-video is-provider-youtube wp-block-embed-youtube wp-embed-aspect-16-9 wp-has-aspect-ratio\"><div class=\"wp-block-embed__wrapper\">\n<span class=\"embed-youtube\" style=\"text-align:center; display: block;\"><iframe loading=\"lazy\" class=\"youtube-player\" width=\"640\" height=\"360\" src=\"https:\/\/www.youtube.com\/embed\/ilFP1fTWj3Y?version=3&#038;rel=1&#038;showsearch=0&#038;showinfo=1&#038;iv_load_policy=1&#038;fs=1&#038;hl=en-US&#038;autohide=2&#038;wmode=transparent\" allowfullscreen=\"true\" style=\"border:0;\" sandbox=\"allow-scripts allow-same-origin allow-popups allow-presentation allow-popups-to-escape-sandbox\"><\/iframe><\/span>\n<\/div><\/figure>\n\n\n\n<p class=\"has-contrast-color has-text-color has-link-color wp-elements-1 wp-block-paragraph\">A razgovor nastavljamo u\u017eivo, <strong>18. i 19. septembra na WordCamp Beograd 2026.<\/strong> Karte za manifestaciju dostupne su <a href=\"https:\/\/belgrade.wordcamp.org\/2026\/sr\/ulaznice\/\" data-type=\"link\" data-id=\"https:\/\/belgrade.wordcamp.org\/2026\/sr\/ulaznice\/\">na ovom linku<\/a>.<\/p>\n\n\n\n<p class=\"wp-block-paragraph\"><\/p>\n","protected":false},"excerpt":{"rendered":"<p>Kako izgleda WordCamp, kome je namenjen i za\u0161to je va\u017eno \u0161to se posle nekoliko godina vra\u0107a u Beograd? O tome smo razgovarali u emisiji Polarotor, medijskom prijatelju WordCamp Beograd 2026<\/p>\n","protected":false},"author":14967852,"featured_media":2544,"comment_status":"open","ping_status":"open","sticky":false,"template":"","format":"standard","meta":{"_jetpack_newsletter_access":"","_jetpack_dont_email_post_to_subs":false,"_jetpack_newsletter_tier_id":0,"_jetpack_memberships_contains_paywalled_content":false,"_jetpack_feature_clip_id":0,"_jetpack_memberships_contains_paid_content":false,"footnotes":"","jetpack_post_was_ever_published":false},"categories":[36,34],"tags":[33],"class_list":["post-2543","post","type-post","status-publish","format-standard","has-post-thumbnail","hentry","category-news","category-srpski","tag-wordcamp"],"jetpack_sharing_enabled":true,"jetpack_shortlink":"https:\/\/wp.me\/pgXYN8-F1","jetpack_featured_media_url":"https:\/\/belgrade.wordcamp.org\/2026\/files\/2026\/09\/zasto-treba-doci-na-wordcamp-beograd-2026.png","_links":{"self":[{"href":"https:\/\/belgrade.wordcamp.org\/2026\/wp-json\/wp\/v2\/posts\/2543","targetHints":{"allow":["GET"]}}],"collection":[{"href":"https:\/\/belgrade.wordcamp.org\/2026\/wp-json\/wp\/v2\/posts"}],"about":[{"href":"https:\/\/belgrade.wordcamp.org\/2026\/wp-json\/wp\/v2\/types\/post"}],"author":[{"embeddable":true,"href":"https:\/\/belgrade.wordcamp.org\/2026\/wp-json\/wp\/v2\/users\/14967852"}],"replies":[{"embeddable":true,"href":"https:\/\/belgrade.wordcamp.org\/2026\/wp-json\/wp\/v2\/comments?post=2543"}],"version-history":[{"count":1,"href":"https:\/\/belgrade.wordcamp.org\/2026\/wp-json\/wp\/v2\/posts\/2543\/revisions"}],"predecessor-version":[{"id":2545,"href":"https:\/\/belgrade.wordcamp.org\/2026\/wp-json\/wp\/v2\/posts\/2543\/revisions\/2545"}],"wp:featuredmedia":[{"embeddable":true,"href":"https:\/\/belgrade.wordcamp.org\/2026\/wp-json\/wp\/v2\/media\/2544"}],"wp:attachment":[{"href":"https:\/\/belgrade.wordcamp.org\/2026\/wp-json\/wp\/v2\/media?parent=2543"}],"wp:term":[{"taxonomy":"category","embeddable":true,"href":"https:\/\/belgrade.wordcamp.org\/2026\/wp-json\/wp\/v2\/categories?post=2543"},{"taxonomy":"post_tag","embeddable":true,"href":"https:\/\/belgrade.wordcamp.org\/2026\/wp-json\/wp\/v2\/tags?post=2543"}],"curies":[{"name":"wp","href":"https:\/\/api.w.org\/{rel}","templated":true}]}}